{"id":3,"count":91,"description":"Presentado por Gerard Ponz, disfruta de entrevistas con los articulistas de la revista aviNews Espa\u00f1a. Un espacio donde no solo hablamos de los art\u00edculos, sino que preguntamos a sus autores el porqu\u00e9 de sus investigaciones y estudios. Profundizamos en los detalles de lo que nos cuentan y damos respuesta a las preguntas del p\u00fablico. Un lugar ideal para los amantes de la avicultura y los podcasts.","link":"https:\/\/socialagri.com\/agriFM\/es\/canales\/avinews-onair\/","name":"aviNews On Air","slug":"avinews-onair","taxonomy":"canales","parent":0,"meta":[],"acf":{"imagen_perfil":"https:\/\/images.socialagri.com\/agriFM\/wp-content\/uploads\/2025\/07\/11124655\/Canal-avi-on-air.png","imagen_canal":"https:\/\/images.socialagri.com\/agriFM\/wp-content\/uploads\/2021\/07\/14143647\/foto-perfil.jpg","id_user":"18","idioma":"Espa\u00f1ol","orderhome":"9","intereses":[79],"validacion":true,"region":["Espa\u00f1a"],"medio":["aviNews"],"url_banner":"","categoria":[2]},"yoast_head":"<!-- This site is optimized with the Yoast SEO plugin v22.9 - https:\/\/yoast.com\/wordpress\/plugins\/seo\/ -->\n<title>aviNews PODCAST es el canal de la revista av\u00edcola m\u00e1s le\u00edda en Espa\u00f1a<\/title>\n<meta name=\"description\" content=\"aviNews es la revista av\u00edcola m\u00e1s le\u00edda en Espa\u00f1a, siendo hoy la revista especializada en la industria av\u00edcola con mayor credibilidad del sector.\" \/>\n<meta name=\"robots\" content=\"index, follow, max-snippet:-1, max-image-preview:large, max-video-preview:-1\" \/>\n<link rel=\"canonical\" href=\"https:\/\/socialagri.com\/agriFM\/es\/canales\/avinews-onair\/\" \/>\n<meta property=\"og:locale\" content=\"es_ES\" \/>\n<meta property=\"og:type\" content=\"article\" \/>\n<meta property=\"og:title\" content=\"aviNews PODCAST es el canal de la revista av\u00edcola m\u00e1s le\u00edda en Espa\u00f1a\" \/>\n<meta property=\"og:description\" content=\"aviNews es la revista av\u00edcola m\u00e1s le\u00edda en Espa\u00f1a, siendo hoy la revista especializada en la industria av\u00edcola con mayor credibilidad del sector.\" \/>\n<meta property=\"og:url\" content=\"https:\/\/socialagri.com\/agriFM\/es\/canales\/avinews-onair\/\" \/>\n<meta property=\"og:site_name\" content=\"agriFM\" \/>\n<meta name=\"twitter:card\" content=\"summary_large_image\" \/>\n<script type=\"application\/ld+json\" class=\"yoast-schema-graph\">{\"@context\":\"https:\/\/schema.org\",\"@graph\":[{\"@type\":\"CollectionPage\",\"@id\":\"https:\/\/socialagri.com\/agriFM\/es\/canales\/avinews-onair\/\",\"url\":\"https:\/\/socialagri.com\/agriFM\/es\/canales\/avinews-onair\/\",\"name\":\"aviNews PODCAST es el canal de la revista av\u00edcola m\u00e1s le\u00edda en Espa\u00f1a\",\"isPartOf\":{\"@id\":\"https:\/\/socialagri.com\/agriFM\/#website\"},\"description\":\"aviNews es la revista av\u00edcola m\u00e1s le\u00edda en Espa\u00f1a, siendo hoy la revista especializada en la industria av\u00edcola con mayor credibilidad del sector.\",\"breadcrumb\":{\"@id\":\"https:\/\/socialagri.com\/agriFM\/es\/canales\/avinews-onair\/#breadcrumb\"},\"inLanguage\":\"es\"},{\"@type\":\"BreadcrumbList\",\"@id\":\"https:\/\/socialagri.com\/agriFM\/es\/canales\/avinews-onair\/#breadcrumb\",\"itemListElement\":[{\"@type\":\"ListItem\",\"position\":1,\"name\":\"Portada\",\"item\":\"https:\/\/socialagri.com\/agriFM\/es\/\"},{\"@type\":\"ListItem\",\"position\":2,\"name\":\"aviNews On Air\"}]},{\"@type\":\"WebSite\",\"@id\":\"https:\/\/socialagri.com\/agriFM\/#website\",\"url\":\"https:\/\/socialagri.com\/agriFM\/\",\"name\":\"agriFM\",\"description\":\"Otro sitio realizado con WordPress\",\"potentialAction\":[{\"@type\":\"SearchAction\",\"target\":{\"@type\":\"EntryPoint\",\"urlTemplate\":\"https:\/\/socialagri.com\/agriFM\/?s={search_term_string}\"},\"query-input\":\"required name=search_term_string\"}],\"inLanguage\":\"es\"}]}<\/script>\n<!-- \/ Yoast SEO plugin. -->","yoast_head_json":{"title":"aviNews PODCAST es el canal de la revista av\u00edcola m\u00e1s le\u00edda en Espa\u00f1a","description":"aviNews es la revista av\u00edcola m\u00e1s le\u00edda en Espa\u00f1a, siendo hoy la revista especializada en la industria av\u00edcola con mayor credibilidad del sector.","robots":{"index":"index","follow":"follow","max-snippet":"max-snippet:-1","max-image-preview":"max-image-preview:large","max-video-preview":"max-video-preview:-1"},"canonical":"https:\/\/socialagri.com\/agriFM\/es\/canales\/avinews-onair\/","og_locale":"es_ES","og_type":"article","og_title":"aviNews PODCAST es el canal de la revista av\u00edcola m\u00e1s le\u00edda en Espa\u00f1a","og_description":"aviNews es la revista av\u00edcola m\u00e1s le\u00edda en Espa\u00f1a, siendo hoy la revista especializada en la industria av\u00edcola con mayor credibilidad del sector.","og_url":"https:\/\/socialagri.com\/agriFM\/es\/canales\/avinews-onair\/","og_site_name":"agriFM","twitter_card":"summary_large_image","schema":{"@context":"https:\/\/schema.org","@graph":[{"@type":"CollectionPage","@id":"https:\/\/socialagri.com\/agriFM\/es\/canales\/avinews-onair\/","url":"https:\/\/socialagri.com\/agriFM\/es\/canales\/avinews-onair\/","name":"aviNews PODCAST es el canal de la revista av\u00edcola m\u00e1s le\u00edda en Espa\u00f1a","isPartOf":{"@id":"https:\/\/socialagri.com\/agriFM\/#website"},"description":"aviNews es la revista av\u00edcola m\u00e1s le\u00edda en Espa\u00f1a, siendo hoy la revista especializada en la industria av\u00edcola con mayor credibilidad del sector.","breadcrumb":{"@id":"https:\/\/socialagri.com\/agriFM\/es\/canales\/avinews-onair\/#breadcrumb"},"inLanguage":"es"},{"@type":"BreadcrumbList","@id":"https:\/\/socialagri.com\/agriFM\/es\/canales\/avinews-onair\/#breadcrumb","itemListElement":[{"@type":"ListItem","position":1,"name":"Portada","item":"https:\/\/socialagri.com\/agriFM\/es\/"},{"@type":"ListItem","position":2,"name":"aviNews On Air"}]},{"@type":"WebSite","@id":"https:\/\/socialagri.com\/agriFM\/#website","url":"https:\/\/socialagri.com\/agriFM\/","name":"agriFM","description":"Otro sitio realizado con WordPress","potentialAction":[{"@type":"SearchAction","target":{"@type":"EntryPoint","urlTemplate":"https:\/\/socialagri.com\/agriFM\/?s={search_term_string}"},"query-input":"required name=search_term_string"}],"inLanguage":"es"}]}},"intereses_label":[{"id":79,"name":"Nutrici\u00f3n"}],"categoria_label":[{"id":2,"name":"Avicultura","slug":"avicultura"}],"_links":{"self":[{"href":"https:\/\/socialagri.com\/agriFM\/es\/wp-json\/wp\/v2\/canales\/3"}],"collection":[{"href":"https:\/\/socialagri.com\/agriFM\/es\/wp-json\/wp\/v2\/canales"}],"about":[{"href":"https:\/\/socialagri.com\/agriFM\/es\/wp-json\/wp\/v2\/taxonomies\/canales"}],"acf:term":[{"embeddable":true,"taxonomy":"category","href":"https:\/\/socialagri.com\/agriFM\/es\/wp-json\/wp\/v2\/categories\/2"},{"embeddable":true,"taxonomy":"intereses","href":"https:\/\/socialagri.com\/agriFM\/es\/wp-json\/wp\/v2\/intereses\/79"}],"wp:post_type":[{"href":"https:\/\/socialagri.com\/agriFM\/es\/wp-json\/wp\/v2\/posts?canales=3"},{"href":"https:\/\/socialagri.com\/agriFM\/es\/wp-json\/wp\/v2\/podcast?canales=3"}],"curies":[{"name":"wp","href":"https:\/\/api.w.org\/{rel}","templated":true}]}}