{"id":204,"count":0,"description":"<span style=\"vertical-align: inherit\"><span style=\"vertical-align: inherit\"><span style=\"vertical-align: inherit\"><span style=\"vertical-align: inherit\">El portal de la revista porciNews LATAM, con noticias y art\u00edculos t\u00e9cnicos para el sector porcino de Latinoam\u00e9rica.<\/span><\/span><\/span><\/span>\r\n\r\n<span style=\"vertical-align: inherit\"><span style=\"vertical-align: inherit\"><span style=\"vertical-align: inherit\"><span style=\"vertical-align: inherit\">Este espacio lo hemos destinado a la versi\u00f3n de audio de los art\u00edculos publicados en nuestra revista virtual \/ impresa.<\/span><\/span><\/span><\/span>\r\n\r\n<span style=\"vertical-align: inherit\"><span style=\"vertical-align: inherit\"><span style=\"vertical-align: inherit\"><span style=\"vertical-align: inherit\">Encontrar\u00e1s art\u00edculos sobre manejo, sanidad, nutrici\u00f3n, alimentaci\u00f3n, bioseguridad, gen\u00e9tica, bienestar animal, instalaciones y equipos.<\/span><\/span><\/span><\/span>\r\n\r\n<span style=\"vertical-align: inherit\"><span style=\"vertical-align: inherit\"><span style=\"vertical-align: inherit\"><span style=\"vertical-align: inherit\">Tambi\u00e9n contar\u00e1s con entrevistas y la infaltable opini\u00f3n del experto sobre las tem\u00e1ticas m\u00e1s relevantes del mundo de la porcicultura.<\/span><\/span><\/span><\/span>\r\n\r\n<span style=\"vertical-align: inherit\"><span style=\"vertical-align: inherit\"><span style=\"vertical-align: inherit\"><span style=\"vertical-align: inherit\">La participaci\u00f3n de los m\u00e1s grandes representantes del sector nos acompa\u00f1ar\u00e1n en esta ruta de aprendizaje y actualizaci\u00f3n.<\/span><\/span><\/span><\/span>\r\n\r\n<span style=\"vertical-align: inherit\"><span style=\"vertical-align: inherit\">Aprende con nosotros sobre las tendencias del sector con enfoque en Am\u00e9rica Latina.<\/span><\/span>\r\n\r\n<span style=\"vertical-align: inherit\"><span style=\"vertical-align: inherit\">Si todav\u00eda no lo escuchaste, hazlo ahora y bienvenido al canal de porciNews LATAM.<\/span><\/span>\r\n\r\n#porcicultura #cerdo #cerdos #porcino #porcinos #granjaporcina #industriaporcina #latinoamerica #latam","link":"https:\/\/socialagri.com\/agriFM\/es\/canales\/porcinews-latam\/","name":"porciNews LATAM","slug":"porcinews-latam","taxonomy":"canales","parent":0,"meta":[],"acf":{"imagen_perfil":"https:\/\/images.socialagri.com\/agriFM\/wp-content\/uploads\/2021\/12\/07203451\/porcinews_latam.png","imagen_canal":"","id_user":"","idioma":"Espa\u00f1ol","orderhome":"100","intereses":false,"validacion":true,"region":["Latam"],"medio":["porciNews"],"url_banner":"","categoria":[8]},"yoast_head":"<!-- This site is optimized with the Yoast SEO plugin v22.9 - https:\/\/yoast.com\/wordpress\/plugins\/seo\/ -->\n<title>porciNews LATAM<\/title>\n<meta name=\"description\" content=\"Les presentamos el portal de la revista porciNews LATAM, con noticias y art\u00edculos t\u00e9cnicos para el sector porcino de Latinoam\u00e9rica.\" \/>\n<meta name=\"robots\" content=\"index, follow, max-snippet:-1, max-image-preview:large, max-video-preview:-1\" \/>\n<link rel=\"canonical\" href=\"https:\/\/socialagri.com\/agriFM\/es\/canales\/porcinews-latam\/\" \/>\n<meta property=\"og:locale\" content=\"es_ES\" \/>\n<meta property=\"og:type\" content=\"article\" \/>\n<meta property=\"og:title\" content=\"porciNews LATAM\" \/>\n<meta property=\"og:description\" content=\"Les presentamos el portal de la revista porciNews LATAM, con noticias y art\u00edculos t\u00e9cnicos para el sector porcino de Latinoam\u00e9rica.\" \/>\n<meta property=\"og:url\" content=\"https:\/\/socialagri.com\/agriFM\/es\/canales\/porcinews-latam\/\" \/>\n<meta property=\"og:site_name\" content=\"agriFM\" \/>\n<meta name=\"twitter:card\" content=\"summary_large_image\" \/>\n<script type=\"application\/ld+json\" class=\"yoast-schema-graph\">{\"@context\":\"https:\/\/schema.org\",\"@graph\":[{\"@type\":\"CollectionPage\",\"@id\":\"https:\/\/socialagri.com\/agriFM\/es\/canales\/porcinews-latam\/\",\"url\":\"https:\/\/socialagri.com\/agriFM\/es\/canales\/porcinews-latam\/\",\"name\":\"porciNews LATAM\",\"isPartOf\":{\"@id\":\"https:\/\/socialagri.com\/agriFM\/#website\"},\"description\":\"Les presentamos el portal de la revista porciNews LATAM, con noticias y art\u00edculos t\u00e9cnicos para el sector porcino de Latinoam\u00e9rica.\",\"breadcrumb\":{\"@id\":\"https:\/\/socialagri.com\/agriFM\/es\/canales\/porcinews-latam\/#breadcrumb\"},\"inLanguage\":\"es\"},{\"@type\":\"BreadcrumbList\",\"@id\":\"https:\/\/socialagri.com\/agriFM\/es\/canales\/porcinews-latam\/#breadcrumb\",\"itemListElement\":[{\"@type\":\"ListItem\",\"position\":1,\"name\":\"Portada\",\"item\":\"https:\/\/socialagri.com\/agriFM\/es\/\"},{\"@type\":\"ListItem\",\"position\":2,\"name\":\"porciNews LATAM\"}]},{\"@type\":\"WebSite\",\"@id\":\"https:\/\/socialagri.com\/agriFM\/#website\",\"url\":\"https:\/\/socialagri.com\/agriFM\/\",\"name\":\"agriFM\",\"description\":\"Otro sitio realizado con WordPress\",\"potentialAction\":[{\"@type\":\"SearchAction\",\"target\":{\"@type\":\"EntryPoint\",\"urlTemplate\":\"https:\/\/socialagri.com\/agriFM\/?s={search_term_string}\"},\"query-input\":\"required name=search_term_string\"}],\"inLanguage\":\"es\"}]}<\/script>\n<!-- \/ Yoast SEO plugin. -->","yoast_head_json":{"title":"porciNews LATAM","description":"Les presentamos el portal de la revista porciNews LATAM, con noticias y art\u00edculos t\u00e9cnicos para el sector porcino de Latinoam\u00e9rica.","robots":{"index":"index","follow":"follow","max-snippet":"max-snippet:-1","max-image-preview":"max-image-preview:large","max-video-preview":"max-video-preview:-1"},"canonical":"https:\/\/socialagri.com\/agriFM\/es\/canales\/porcinews-latam\/","og_locale":"es_ES","og_type":"article","og_title":"porciNews LATAM","og_description":"Les presentamos el portal de la revista porciNews LATAM, con noticias y art\u00edculos t\u00e9cnicos para el sector porcino de Latinoam\u00e9rica.","og_url":"https:\/\/socialagri.com\/agriFM\/es\/canales\/porcinews-latam\/","og_site_name":"agriFM","twitter_card":"summary_large_image","schema":{"@context":"https:\/\/schema.org","@graph":[{"@type":"CollectionPage","@id":"https:\/\/socialagri.com\/agriFM\/es\/canales\/porcinews-latam\/","url":"https:\/\/socialagri.com\/agriFM\/es\/canales\/porcinews-latam\/","name":"porciNews LATAM","isPartOf":{"@id":"https:\/\/socialagri.com\/agriFM\/#website"},"description":"Les presentamos el portal de la revista porciNews LATAM, con noticias y art\u00edculos t\u00e9cnicos para el sector porcino de Latinoam\u00e9rica.","breadcrumb":{"@id":"https:\/\/socialagri.com\/agriFM\/es\/canales\/porcinews-latam\/#breadcrumb"},"inLanguage":"es"},{"@type":"BreadcrumbList","@id":"https:\/\/socialagri.com\/agriFM\/es\/canales\/porcinews-latam\/#breadcrumb","itemListElement":[{"@type":"ListItem","position":1,"name":"Portada","item":"https:\/\/socialagri.com\/agriFM\/es\/"},{"@type":"ListItem","position":2,"name":"porciNews LATAM"}]},{"@type":"WebSite","@id":"https:\/\/socialagri.com\/agriFM\/#website","url":"https:\/\/socialagri.com\/agriFM\/","name":"agriFM","description":"Otro sitio realizado con WordPress","potentialAction":[{"@type":"SearchAction","target":{"@type":"EntryPoint","urlTemplate":"https:\/\/socialagri.com\/agriFM\/?s={search_term_string}"},"query-input":"required name=search_term_string"}],"inLanguage":"es"}]}},"intereses_label":[],"categoria_label":[{"id":8,"name":"Porcino","slug":"porcino"}],"_links":{"self":[{"href":"https:\/\/socialagri.com\/agriFM\/es\/wp-json\/wp\/v2\/canales\/204"}],"collection":[{"href":"https:\/\/socialagri.com\/agriFM\/es\/wp-json\/wp\/v2\/canales"}],"about":[{"href":"https:\/\/socialagri.com\/agriFM\/es\/wp-json\/wp\/v2\/taxonomies\/canales"}],"acf:term":[{"embeddable":true,"taxonomy":"category","href":"https:\/\/socialagri.com\/agriFM\/es\/wp-json\/wp\/v2\/categories\/8"}],"wp:post_type":[{"href":"https:\/\/socialagri.com\/agriFM\/es\/wp-json\/wp\/v2\/posts?canales=204"},{"href":"https:\/\/socialagri.com\/agriFM\/es\/wp-json\/wp\/v2\/podcast?canales=204"}],"curies":[{"name":"wp","href":"https:\/\/api.w.org\/{rel}","templated":true}]}}